{"id":11903,"date":"2021-09-16T10:59:45","date_gmt":"2021-09-16T08:59:45","guid":{"rendered":"https:\/\/devacuabit.es\/aguillen\/studio\/?p=229863"},"modified":"2025-11-18T12:02:16","modified_gmt":"2025-11-18T11:02:16","slug":"consejos-organizacion-de-bodas-los-detalles","status":"publish","type":"post","link":"https:\/\/alexguillenfotografo.com\/studio\/consejos-organizacion-de-bodas-los-detalles\/","title":{"rendered":"Consejos organizaci\u00f3n de Bodas: los detalles"},"content":{"rendered":"<h2>Consejos organizaci\u00f3n de Bodas: los detalles<\/h2>\n<p>\u00a1Pues genial! Ya sabemos cu\u00e1ndo va a ser nuestra boda. Y ya sabemos d\u00f3nde va a ser. Sabemos, aproximadamente, cu\u00e1nto nos va a costar, o cu\u00e1l es nuestro presupuesto y nuestros m\u00e1rgenes. Y ya tenemos la estructura con nuestros grandes proveedores contratados: Iglesia, banquete y fot\u00f3grafo.<\/p>\n<h3>\u00bfY ahora qu\u00e9?<\/h3>\n<p>Bueno, ahora es momento de respirar un poco antes de continuar. Ya tenemos lo m\u00e1s estructural, por decirlo de alguna manera. Ahora falta, el relleno.<\/p>\n<p>A partir de aqu\u00ed ser\u00e1n decenas, quiz\u00e1 centenas, los detalles con los que rellenar la estructura que hemos creado para que nuestro d\u00eda de boda, sea inolvidable. \u00bfPor cu\u00e1l de todos empezar? En realidad, por ninguno en concreto. Hay varias cosas que debemos tener en cuenta a la hora de elegir qu\u00e9 queremos ir organizando:<\/p>\n<p>1 \u2013 Los plazos de entrega. Deber\u00edamos empezar por encargar aquellos detalles que van a tardar m\u00e1s en llegar. Apurar los plazos podr\u00eda provocar que no est\u00e9n a tiempo. Y hacerlo con tiempo podr\u00eda darnos la ventaja de estar a tiempo de repetir el pedido si algo sali\u00f3 mal.<\/p>\n<p>2 \u2013 Tiempo de creaci\u00f3n. Es posible que algunos detalles los vayamos a hacer nosotros mismos. En ese caso deber\u00edamos empezar cu\u00e1nto antes.<\/p>\n<p>3 \u2013 Utilidad y uso. Habr\u00e1 detalles que podr\u00edan estropearse con el paso del tiempo. \u00c9stos, l\u00f3gicamente, los dejaremos para el final. Y habr\u00e1 otros que vayamos a usar meses antes de la boda, y tambi\u00e9n forman parte de la organizaci\u00f3n, por ejemplo, las invitaciones. Esto habr\u00eda que ponerlo lo primero en nuestra lista.<\/p>\n<p>Pero\u2026 \u00bfa qu\u00e9 me refiero cuando hablo de los detalles de boda? Realmente, los detalles son algo personal, ya que habr\u00e1 parejas que quieran orientar sus detalles de boda en una direcci\u00f3n, y otras parejas en otra direcci\u00f3n diferente.<\/p>\n<p>Si yo hablo de mi caso personal, por detalles entiendo las invitaciones de boda (y todo lo que se mueve a su alrededor), los detalles de regalo a familiares, los centros de mesa, el sitting plan, la decoraci\u00f3n, etc. Todo ello generar\u00e1 otro grupo de proveedores diversos, que tendr\u00e9is que coordinar para que se cumplan los plazos, y todos sigan la misma est\u00e9tica y orden el d\u00eda de vuestra boda.<\/p>\n<h5>No es tarea f\u00e1cil, pero se consigue.<\/h5>\n<p>Es important\u00edsimo que aprend\u00e1is a tener paciencia, y que no convirt\u00e1is la organizaci\u00f3n de vuestra boda en el centro de vuestras vidas. Es un viaje largo, entre uno y dos a\u00f1os pasar\u00e9is hasta que llegue el momento. No es una carrera de velocidad. Es una carrera de fondo. As\u00ed que tranquilos, sabed parar a respirar, tomaos tiempo, paciencia, descansos y pausas, y seguid a vuestro ritmo.<\/p>\n<p>En el siguiente art\u00edculo del blog hablaremos de todo que a\u00fan queda: desde el vestido de novia y el traje del novio a las alianzas, desde la luna de miel al autob\u00fas de invitados. Y desde la peluquer\u00eda y el estilismo a los centros de mesa.<\/p>\n<p>Veremos uno por uno, sin olvidar que (casi) ninguno es indispensable, y que pod\u00e9is a\u00f1adir o quitar a vuestro gusto.<\/p>\n<p>Nunca lo olvid\u00e9is, y tenerlo siempre presente. Es vuestra boda, la vuestra. Debe estar configurada y pensada a vuestro gusto. Os llegar\u00e1n presiones de varios lugares para que cambi\u00e9is cosas, y es cierto que parte de vuestras decisiones deben estar orientadas a la comodidad y estilo de las familias, pero s\u00f3lo una parte. Chicos, es vuestro d\u00eda, ser\u00e1 recordado siempre, hacedlo y organizadlo como os gusta, y nunca jam\u00e1s sucumb\u00e1is a presiones externas. O\u00edd consejos y opiniones, y haced lo que los dos cre\u00e1is mejor.<\/p>\n","protected":false},"excerpt":{"rendered":"<p>Consejos organizaci\u00f3n de Bodas: los detalles \u00a1Pues genial! Ya sabemos cu\u00e1ndo va a ser nuestra boda. Y ya sabemos d\u00f3nde va a ser. Sabemos, aproximadamente, cu\u00e1nto nos va a costar, o cu\u00e1l es nuestro presupuesto y nuestros m\u00e1rgenes. Y ya tenemos la estructura con nuestros grandes proveedores contratados: Iglesia, banquete y fot\u00f3grafo. \u00bfY ahora qu\u00e9? [&hellip;]<\/p>\n","protected":false},"author":7,"featured_media":11905,"comment_status":"open","ping_status":"open","sticky":false,"template":"","format":"standard","meta":{"_et_pb_use_builder":"","_et_pb_old_content":"","_et_gb_content_width":"","footnotes":""},"categories":[12],"tags":[14,15,13,16],"class_list":["post-11903","post","type-post","status-publish","format-standard","has-post-thumbnail","hentry","category-bodas","tag-bodas-2022","tag-consejo-de-organizacion-de-bodas","tag-detalles-de-boda","tag-organizacion-de-bodas"],"_links":{"self":[{"href":"https:\/\/alexguillenfotografo.com\/studio\/wp-json\/wp\/v2\/posts\/11903","targetHints":{"allow":["GET"]}}],"collection":[{"href":"https:\/\/alexguillenfotografo.com\/studio\/wp-json\/wp\/v2\/posts"}],"about":[{"href":"https:\/\/alexguillenfotografo.com\/studio\/wp-json\/wp\/v2\/types\/post"}],"author":[{"embeddable":true,"href":"https:\/\/alexguillenfotografo.com\/studio\/wp-json\/wp\/v2\/users\/7"}],"replies":[{"embeddable":true,"href":"https:\/\/alexguillenfotografo.com\/studio\/wp-json\/wp\/v2\/comments?post=11903"}],"version-history":[{"count":1,"href":"https:\/\/alexguillenfotografo.com\/studio\/wp-json\/wp\/v2\/posts\/11903\/revisions"}],"predecessor-version":[{"id":11906,"href":"https:\/\/alexguillenfotografo.com\/studio\/wp-json\/wp\/v2\/posts\/11903\/revisions\/11906"}],"wp:featuredmedia":[{"embeddable":true,"href":"https:\/\/alexguillenfotografo.com\/studio\/wp-json\/wp\/v2\/media\/11905"}],"wp:attachment":[{"href":"https:\/\/alexguillenfotografo.com\/studio\/wp-json\/wp\/v2\/media?parent=11903"}],"wp:term":[{"taxonomy":"category","embeddable":true,"href":"https:\/\/alexguillenfotografo.com\/studio\/wp-json\/wp\/v2\/categories?post=11903"},{"taxonomy":"post_tag","embeddable":true,"href":"https:\/\/alexguillenfotografo.com\/studio\/wp-json\/wp\/v2\/tags?post=11903"}],"curies":[{"name":"wp","href":"https:\/\/api.w.org\/{rel}","templated":true}]}}